{"id":4065,"date":"2021-07-23T21:32:59","date_gmt":"2021-07-23T21:32:59","guid":{"rendered":"https:\/\/munisanlo.gob.ar\/turismo\/?p=4065"},"modified":"2021-07-23T21:33:54","modified_gmt":"2021-07-23T21:33:54","slug":"bicentenario-establecimientos-educativos-recibieron-placas-conmemorativas-del-general-guemes","status":"publish","type":"post","link":"https:\/\/munisanlo.gob.ar\/turismo\/bicentenario-establecimientos-educativos-recibieron-placas-conmemorativas-del-general-guemes\/","title":{"rendered":"Bicentenario: Establecimientos educativos recibieron placas conmemorativas del General G\u00fcemes"},"content":{"rendered":"<section class=\"post_content\">El intendente Manuel Saravia encabez\u00f3 la entrega de placas conmemorativas del Bicentenario del paso a la inmortalidad del H\u00e9roe Nacional General Mart\u00edn Miguel de G\u00fcemes. Las figuras forjadas en hierro ser\u00e1n colocadas en los establecimientos educativos del municipio.<\/p>\n<p>\u00abHoy estamos recordando la gesta de nuestro General y de tantos h\u00e9roes an\u00f3nimos que con valor defendieron la frontera norte de la patria naciente\u00bb, se\u00f1al\u00f3 el mandatario.<\/p>\n<p>Las figuras ser\u00e1n instaladas en las escuelas N\u00b0 4317 Teniente Coronel Calixto Gauna, N\u00b0 4361 Dr. Mart\u00edn Ra\u00fal Mainoli, N\u00b0 4055 Jos\u00e9 Manuel Estrada, N\u00b0 4472 Mar\u00eda Elvira Castellanos de Uriburu, N\u00b0 4304 Nuestra Se\u00f1ora del Carmen. Los colegios Juan Manuel de Rosas, Sagrado Coraz\u00f3n Luz y Gu\u00eda, el Instituto Humanista de la Sant\u00edsima Trinidad y San Isidro College.<\/p>\n<figure class=\"wp-block-gallery columns-3 is-cropped\">\n<ul class=\"blocks-gallery-grid\">\n<li class=\"blocks-gallery-item\">\n<figure><img fetchpriority=\"high\" decoding=\"async\" class=\"wp-image-110137\" src=\"https:\/\/munisanlorenzo.gob.ar\/wp-content\/uploads\/2021\/06\/200473594_336560514535779_2104981178521915757_n-1024x682.jpg\" sizes=\"(max-width: 1024px) 100vw, 1024px\" srcset=\"https:\/\/munisanlorenzo.gob.ar\/wp-content\/uploads\/2021\/06\/200473594_336560514535779_2104981178521915757_n-1024x682.jpg 1024w, https:\/\/munisanlorenzo.gob.ar\/wp-content\/uploads\/2021\/06\/200473594_336560514535779_2104981178521915757_n-300x200.jpg 300w, https:\/\/munisanlorenzo.gob.ar\/wp-content\/uploads\/2021\/06\/200473594_336560514535779_2104981178521915757_n-768x512.jpg 768w, https:\/\/munisanlorenzo.gob.ar\/wp-content\/uploads\/2021\/06\/200473594_336560514535779_2104981178521915757_n.jpg 1280w\" alt=\"\" width=\"1024\" height=\"682\" data-id=\"110137\" data-full-url=\"https:\/\/munisanlorenzo.gob.ar\/wp-content\/uploads\/2021\/06\/200473594_336560514535779_2104981178521915757_n.jpg\" data-link=\"https:\/\/munisanlorenzo.gob.ar\/?attachment_id=110137\" \/><\/figure>\n<\/li>\n<li class=\"blocks-gallery-item\">\n<figure><img decoding=\"async\" class=\"wp-image-110134\" src=\"https:\/\/munisanlorenzo.gob.ar\/wp-content\/uploads\/2021\/06\/200468690_336561131202384_3795964799845907980_n-1024x682.jpg\" sizes=\"(max-width: 1024px) 100vw, 1024px\" srcset=\"https:\/\/munisanlorenzo.gob.ar\/wp-content\/uploads\/2021\/06\/200468690_336561131202384_3795964799845907980_n-1024x682.jpg 1024w, https:\/\/munisanlorenzo.gob.ar\/wp-content\/uploads\/2021\/06\/200468690_336561131202384_3795964799845907980_n-300x200.jpg 300w, https:\/\/munisanlorenzo.gob.ar\/wp-content\/uploads\/2021\/06\/200468690_336561131202384_3795964799845907980_n-768x512.jpg 768w, https:\/\/munisanlorenzo.gob.ar\/wp-content\/uploads\/2021\/06\/200468690_336561131202384_3795964799845907980_n.jpg 1280w\" alt=\"\" width=\"1024\" height=\"682\" data-id=\"110134\" data-full-url=\"https:\/\/munisanlorenzo.gob.ar\/wp-content\/uploads\/2021\/06\/200468690_336561131202384_3795964799845907980_n.jpg\" data-link=\"https:\/\/munisanlorenzo.gob.ar\/?attachment_id=110134\" \/><\/figure>\n<\/li>\n<li class=\"blocks-gallery-item\">\n<figure><img decoding=\"async\" class=\"wp-image-110135\" src=\"https:\/\/munisanlorenzo.gob.ar\/wp-content\/uploads\/2021\/06\/200040816_336560924535738_7332098595600201730_n-1024x682.jpg\" sizes=\"(max-width: 1024px) 100vw, 1024px\" srcset=\"https:\/\/munisanlorenzo.gob.ar\/wp-content\/uploads\/2021\/06\/200040816_336560924535738_7332098595600201730_n-1024x682.jpg 1024w, https:\/\/munisanlorenzo.gob.ar\/wp-content\/uploads\/2021\/06\/200040816_336560924535738_7332098595600201730_n-300x200.jpg 300w, https:\/\/munisanlorenzo.gob.ar\/wp-content\/uploads\/2021\/06\/200040816_336560924535738_7332098595600201730_n-768x512.jpg 768w, https:\/\/munisanlorenzo.gob.ar\/wp-content\/uploads\/2021\/06\/200040816_336560924535738_7332098595600201730_n.jpg 1280w\" alt=\"\" width=\"1024\" height=\"682\" data-id=\"110135\" data-full-url=\"https:\/\/munisanlorenzo.gob.ar\/wp-content\/uploads\/2021\/06\/200040816_336560924535738_7332098595600201730_n.jpg\" data-link=\"https:\/\/munisanlorenzo.gob.ar\/?attachment_id=110135\" \/><\/figure>\n<\/li>\n<li class=\"blocks-gallery-item\">\n<figure><img loading=\"lazy\" decoding=\"async\" class=\"wp-image-110133\" src=\"https:\/\/munisanlorenzo.gob.ar\/wp-content\/uploads\/2021\/06\/131380821_336562137868950_1333988066981621154_n-1024x682.jpg\" sizes=\"(max-width: 1024px) 100vw, 1024px\" srcset=\"https:\/\/munisanlorenzo.gob.ar\/wp-content\/uploads\/2021\/06\/131380821_336562137868950_1333988066981621154_n-1024x682.jpg 1024w, https:\/\/munisanlorenzo.gob.ar\/wp-content\/uploads\/2021\/06\/131380821_336562137868950_1333988066981621154_n-300x200.jpg 300w, https:\/\/munisanlorenzo.gob.ar\/wp-content\/uploads\/2021\/06\/131380821_336562137868950_1333988066981621154_n-768x512.jpg 768w, https:\/\/munisanlorenzo.gob.ar\/wp-content\/uploads\/2021\/06\/131380821_336562137868950_1333988066981621154_n.jpg 1280w\" alt=\"\" width=\"1024\" height=\"682\" data-id=\"110133\" data-full-url=\"https:\/\/munisanlorenzo.gob.ar\/wp-content\/uploads\/2021\/06\/131380821_336562137868950_1333988066981621154_n.jpg\" data-link=\"https:\/\/munisanlorenzo.gob.ar\/?attachment_id=110133\" \/><\/figure>\n<\/li>\n<li class=\"blocks-gallery-item\">\n<figure><img loading=\"lazy\" decoding=\"async\" class=\"wp-image-110136\" src=\"https:\/\/munisanlorenzo.gob.ar\/wp-content\/uploads\/2021\/06\/197637062_336618677863296_1414578975750463898_n-1024x1024.jpg\" sizes=\"(max-width: 1024px) 100vw, 1024px\" srcset=\"https:\/\/munisanlorenzo.gob.ar\/wp-content\/uploads\/2021\/06\/197637062_336618677863296_1414578975750463898_n-1024x1024.jpg 1024w, https:\/\/munisanlorenzo.gob.ar\/wp-content\/uploads\/2021\/06\/197637062_336618677863296_1414578975750463898_n-300x300.jpg 300w, https:\/\/munisanlorenzo.gob.ar\/wp-content\/uploads\/2021\/06\/197637062_336618677863296_1414578975750463898_n-150x150.jpg 150w, https:\/\/munisanlorenzo.gob.ar\/wp-content\/uploads\/2021\/06\/197637062_336618677863296_1414578975750463898_n-768x768.jpg 768w, https:\/\/munisanlorenzo.gob.ar\/wp-content\/uploads\/2021\/06\/197637062_336618677863296_1414578975750463898_n.jpg 1280w\" alt=\"\" width=\"1024\" height=\"1024\" data-id=\"110136\" data-full-url=\"https:\/\/munisanlorenzo.gob.ar\/wp-content\/uploads\/2021\/06\/197637062_336618677863296_1414578975750463898_n.jpg\" data-link=\"https:\/\/munisanlorenzo.gob.ar\/?attachment_id=110136\" \/><\/figure>\n<\/li>\n<\/ul>\n<\/figure>\n<p>Asimismo, como parte del trabajo que lleva adelante el Gobernador Gustavo Saenz y la Comisi\u00f3n Provincial del Bicentenario, se instalar\u00e1n en los establecimientos educativos piezas de cer\u00e1micas que se sumar\u00e1n a estas figuras y ser\u00e1n un nuevo aporte a la tarea de revalorizaci\u00f3n de la gesta gaucha.<\/p>\n<p>Participaron del acto el presidente del Concejo Deliberante, Juan Pablo D\u00e1valos, la coordinadora general del Intendencia, Mar\u00eda Diez Sierra, los concejales Jos\u00e9 Mar\u00eda Conde, Jos\u00e9 Reynaga y Miguel Mercado, y los secretarios de Turismo, Cultura y Deportes, Ana Cornejo, de Ambiente, Virgilio Nu\u00f1ez, y autoridades educativas.<\/p>\n<\/section>\n","protected":false},"excerpt":{"rendered":"<p>El intendente Manuel Saravia encabez\u00f3 la entrega de placas conmemorativas del Bicentenario del paso a la inmortalidad del H\u00e9roe Nacional General Mart\u00edn Miguel de G\u00fcemes. Las figuras forjadas en hierro ser\u00e1n colocadas en los establecimientos educativos del municipio. \u00abHoy estamos [&hellip;]<\/p>\n","protected":false},"author":3,"featured_media":4066,"comment_status":"open","ping_status":"open","sticky":false,"template":"","format":"standard","meta":{"footnotes":""},"categories":[85],"tags":[],"class_list":["post-4065","post","type-post","status-publish","format-standard","has-post-thumbnail","hentry","category-novedades"],"_links":{"self":[{"href":"https:\/\/munisanlo.gob.ar\/turismo\/wp-json\/wp\/v2\/posts\/4065","targetHints":{"allow":["GET"]}}],"collection":[{"href":"https:\/\/munisanlo.gob.ar\/turismo\/wp-json\/wp\/v2\/posts"}],"about":[{"href":"https:\/\/munisanlo.gob.ar\/turismo\/wp-json\/wp\/v2\/types\/post"}],"author":[{"embeddable":true,"href":"https:\/\/munisanlo.gob.ar\/turismo\/wp-json\/wp\/v2\/users\/3"}],"replies":[{"embeddable":true,"href":"https:\/\/munisanlo.gob.ar\/turismo\/wp-json\/wp\/v2\/comments?post=4065"}],"version-history":[{"count":1,"href":"https:\/\/munisanlo.gob.ar\/turismo\/wp-json\/wp\/v2\/posts\/4065\/revisions"}],"predecessor-version":[{"id":4067,"href":"https:\/\/munisanlo.gob.ar\/turismo\/wp-json\/wp\/v2\/posts\/4065\/revisions\/4067"}],"wp:featuredmedia":[{"embeddable":true,"href":"https:\/\/munisanlo.gob.ar\/turismo\/wp-json\/wp\/v2\/media\/4066"}],"wp:attachment":[{"href":"https:\/\/munisanlo.gob.ar\/turismo\/wp-json\/wp\/v2\/media?parent=4065"}],"wp:term":[{"taxonomy":"category","embeddable":true,"href":"https:\/\/munisanlo.gob.ar\/turismo\/wp-json\/wp\/v2\/categories?post=4065"},{"taxonomy":"post_tag","embeddable":true,"href":"https:\/\/munisanlo.gob.ar\/turismo\/wp-json\/wp\/v2\/tags?post=4065"}],"curies":[{"name":"wp","href":"https:\/\/api.w.org\/{rel}","templated":true}]}}