{"id":4090,"date":"2021-07-23T21:36:56","date_gmt":"2021-07-23T21:36:56","guid":{"rendered":"https:\/\/munisanlo.gob.ar\/turismo\/?p=4090"},"modified":"2021-08-02T22:35:39","modified_gmt":"2021-08-02T22:35:39","slug":"establecimientos-gastronomicos-funcionaran-hasta-las-00","status":"publish","type":"post","link":"https:\/\/munisanlo.gob.ar\/turismo\/establecimientos-gastronomicos-funcionaran-hasta-las-00\/","title":{"rendered":"Establecimientos gastron\u00f3micos funcionar\u00e1n hasta las 00"},"content":{"rendered":"<p>A trav\u00e9s del decreto N\u00b0 194\/2021 el intendente Saravia resolvi\u00f3 extender el horario de las actividades gastron\u00f3micas y de los comercios de cercan\u00eda hasta las 00 horas. La medida alcanza el periodo comprendido entre el 11 y 25 de junio. Previo a la emisi\u00f3n del decreto se realiz\u00f3 la solicitud de autorizaci\u00f3n al COE provincial.<\/p>\n<p>Los comercios deber\u00e1n seguir cumpliendo de manera estricta con los protocolos sanitarios vigentes. El sector gastron\u00f3mico deber\u00e1 funcionar en espacios abiertos y ventilados respetando la distancia social, asimismo la capacidad de los establecimientos estar\u00e1 limitada al 30% de la capacidad m\u00e1xima habilitada.<\/p>\n<p>\u201cEstamos trabajando en conjunto con la C\u00e1mara de Comercio y Turismo local para que los emprendimientos puedan mantener su actividad en un contexto que sin dudas nos exige preservar la salud y el trabajo de los sanlorence\u00f1os. Por eso vamos a acompa\u00f1ar al sector y a controlar el efectivo cumplimiento de los protocolos sanitarios\u201d, destac\u00f3 el intendente Manuel Saravia.<\/p>\n","protected":false},"excerpt":{"rendered":"<p>A trav\u00e9s del decreto N\u00b0 194\/2021 el intendente Saravia resolvi\u00f3 extender el horario de las actividades gastron\u00f3micas y de los comercios de cercan\u00eda hasta las 00 horas. La medida alcanza el periodo comprendido entre el 11 y 25 de junio. [&hellip;]<\/p>\n","protected":false},"author":3,"featured_media":4091,"comment_status":"open","ping_status":"open","sticky":false,"template":"","format":"standard","meta":{"footnotes":""},"categories":[88],"tags":[],"class_list":["post-4090","post","type-post","status-publish","format-standard","has-post-thumbnail","hentry","category-gastronomia"],"_links":{"self":[{"href":"https:\/\/munisanlo.gob.ar\/turismo\/wp-json\/wp\/v2\/posts\/4090","targetHints":{"allow":["GET"]}}],"collection":[{"href":"https:\/\/munisanlo.gob.ar\/turismo\/wp-json\/wp\/v2\/posts"}],"about":[{"href":"https:\/\/munisanlo.gob.ar\/turismo\/wp-json\/wp\/v2\/types\/post"}],"author":[{"embeddable":true,"href":"https:\/\/munisanlo.gob.ar\/turismo\/wp-json\/wp\/v2\/users\/3"}],"replies":[{"embeddable":true,"href":"https:\/\/munisanlo.gob.ar\/turismo\/wp-json\/wp\/v2\/comments?post=4090"}],"version-history":[{"count":1,"href":"https:\/\/munisanlo.gob.ar\/turismo\/wp-json\/wp\/v2\/posts\/4090\/revisions"}],"predecessor-version":[{"id":4092,"href":"https:\/\/munisanlo.gob.ar\/turismo\/wp-json\/wp\/v2\/posts\/4090\/revisions\/4092"}],"wp:featuredmedia":[{"embeddable":true,"href":"https:\/\/munisanlo.gob.ar\/turismo\/wp-json\/wp\/v2\/media\/4091"}],"wp:attachment":[{"href":"https:\/\/munisanlo.gob.ar\/turismo\/wp-json\/wp\/v2\/media?parent=4090"}],"wp:term":[{"taxonomy":"category","embeddable":true,"href":"https:\/\/munisanlo.gob.ar\/turismo\/wp-json\/wp\/v2\/categories?post=4090"},{"taxonomy":"post_tag","embeddable":true,"href":"https:\/\/munisanlo.gob.ar\/turismo\/wp-json\/wp\/v2\/tags?post=4090"}],"curies":[{"name":"wp","href":"https:\/\/api.w.org\/{rel}","templated":true}]}}