{"id":4681,"date":"2022-09-19T16:45:24","date_gmt":"2022-09-19T16:45:24","guid":{"rendered":"https:\/\/munisanlo.gob.ar\/turismo\/?p=4681"},"modified":"2022-09-19T16:45:26","modified_gmt":"2022-09-19T16:45:26","slug":"esta-primavera-alojate-en-san-lorenzo-y-te-regalamos-un-trekking","status":"publish","type":"post","link":"https:\/\/munisanlo.gob.ar\/turismo\/esta-primavera-alojate-en-san-lorenzo-y-te-regalamos-un-trekking\/","title":{"rendered":"ESTA PRIMAVERA, ALOJATE EN SAN LORENZO Y TE REGALAMOS UN TREKKING"},"content":{"rendered":"\n<p>Para que disfrutes a\u00fan m\u00e1s tu estad\u00eda en San Lorenzo, esta primavera, los alojamientos otorgar\u00e1n a sus hu\u00e9spedes un voucher para acceder a un mini-trekking guiado por la Reserva Las Yungas.<\/p>\n\n\n\n<p><\/p>\n\n\n\n<p>\u00bf<strong>C\u00f3mo funciona?<\/strong><br>Los alojamientos otorgar\u00e1n a los hu\u00e9spedes un voucher para acceder a un mini trekking guiado por la Reserva Las Yungas.<\/p>\n\n\n\n<p><\/p>\n\n\n\n<p><img decoding=\"async\" height=\"16\" width=\"16\" alt=\"&#x2705;\" src=\"https:\/\/static.xx.fbcdn.net\/images\/emoji.php\/v9\/t33\/1\/16\/2705.png\">Los trekking se realizar\u00e1n exclusivamente los d\u00edas s\u00e1bados y domingos en los horarios establecidos (S\u00e1bado 15:30 hs. y Domingos 10:00 hs.) y estar\u00e1n a cargo de gu\u00edas de sitio de San Lorenzo (Dificultad: baja | Duraci\u00f3n: 2,5 hs.). <\/p>\n\n\n\n<p><img decoding=\"async\" height=\"16\" width=\"16\" alt=\"&#x2705;\" src=\"https:\/\/static.xx.fbcdn.net\/images\/emoji.php\/v9\/t33\/1\/16\/2705.png\">Cupos limitados por salida. <\/p>\n\n\n\n<p><img decoding=\"async\" height=\"16\" width=\"16\" alt=\"&#x2705;\" src=\"https:\/\/static.xx.fbcdn.net\/images\/emoji.php\/v9\/t33\/1\/16\/2705.png\">Requieren inscripci\u00f3n previa al 387 \u2013 5477453 o al mail: <strong>lasyungas@munisanlorenzo.gob.ar<\/strong><\/p>\n\n\n\n<p><\/p>\n\n\n\n<p><img decoding=\"async\" height=\"16\" width=\"16\" alt=\"&#x1f449;\" src=\"https:\/\/static.xx.fbcdn.net\/images\/emoji.php\/v9\/t51\/1\/16\/1f449.png\"> Vigencia de la Promoci\u00f3n: Octubre y Noviembre de 2022.<\/p>\n\n\n\n<figure class=\"wp-block-image size-large\"><a href=\"https:\/\/munisanlo.gob.ar\/turismo\/wp-content\/uploads\/2022\/09\/PArtaza-94.jpg\"><img fetchpriority=\"high\" decoding=\"async\" width=\"1024\" height=\"683\" src=\"https:\/\/munisanlo.gob.ar\/turismo\/wp-content\/uploads\/2022\/09\/PArtaza-94-1024x683.jpg\" alt=\"\" class=\"wp-image-4683\" srcset=\"https:\/\/munisanlo.gob.ar\/turismo\/wp-content\/uploads\/2022\/09\/PArtaza-94-1024x683.jpg 1024w, https:\/\/munisanlo.gob.ar\/turismo\/wp-content\/uploads\/2022\/09\/PArtaza-94-300x200.jpg 300w, https:\/\/munisanlo.gob.ar\/turismo\/wp-content\/uploads\/2022\/09\/PArtaza-94-768x512.jpg 768w, https:\/\/munisanlo.gob.ar\/turismo\/wp-content\/uploads\/2022\/09\/PArtaza-94-1536x1024.jpg 1536w, https:\/\/munisanlo.gob.ar\/turismo\/wp-content\/uploads\/2022\/09\/PArtaza-94-600x400.jpg 600w\" sizes=\"(max-width: 1024px) 100vw, 1024px\" \/><\/a><\/figure>\n","protected":false},"excerpt":{"rendered":"<p>Para que disfrutes a\u00fan m\u00e1s tu estad\u00eda en San Lorenzo, esta primavera, los alojamientos otorgar\u00e1n a sus hu\u00e9spedes un voucher para acceder a un mini-trekking guiado por la Reserva Las Yungas. \u00bfC\u00f3mo funciona?Los alojamientos otorgar\u00e1n a los hu\u00e9spedes un voucher [&hellip;]<\/p>\n","protected":false},"author":6,"featured_media":4682,"comment_status":"open","ping_status":"open","sticky":false,"template":"","format":"standard","meta":{"footnotes":""},"categories":[88,85],"tags":[],"class_list":["post-4681","post","type-post","status-publish","format-standard","has-post-thumbnail","hentry","category-gastronomia","category-novedades"],"_links":{"self":[{"href":"https:\/\/munisanlo.gob.ar\/turismo\/wp-json\/wp\/v2\/posts\/4681","targetHints":{"allow":["GET"]}}],"collection":[{"href":"https:\/\/munisanlo.gob.ar\/turismo\/wp-json\/wp\/v2\/posts"}],"about":[{"href":"https:\/\/munisanlo.gob.ar\/turismo\/wp-json\/wp\/v2\/types\/post"}],"author":[{"embeddable":true,"href":"https:\/\/munisanlo.gob.ar\/turismo\/wp-json\/wp\/v2\/users\/6"}],"replies":[{"embeddable":true,"href":"https:\/\/munisanlo.gob.ar\/turismo\/wp-json\/wp\/v2\/comments?post=4681"}],"version-history":[{"count":1,"href":"https:\/\/munisanlo.gob.ar\/turismo\/wp-json\/wp\/v2\/posts\/4681\/revisions"}],"predecessor-version":[{"id":4684,"href":"https:\/\/munisanlo.gob.ar\/turismo\/wp-json\/wp\/v2\/posts\/4681\/revisions\/4684"}],"wp:featuredmedia":[{"embeddable":true,"href":"https:\/\/munisanlo.gob.ar\/turismo\/wp-json\/wp\/v2\/media\/4682"}],"wp:attachment":[{"href":"https:\/\/munisanlo.gob.ar\/turismo\/wp-json\/wp\/v2\/media?parent=4681"}],"wp:term":[{"taxonomy":"category","embeddable":true,"href":"https:\/\/munisanlo.gob.ar\/turismo\/wp-json\/wp\/v2\/categories?post=4681"},{"taxonomy":"post_tag","embeddable":true,"href":"https:\/\/munisanlo.gob.ar\/turismo\/wp-json\/wp\/v2\/tags?post=4681"}],"curies":[{"name":"wp","href":"https:\/\/api.w.org\/{rel}","templated":true}]}}