{"id":4689,"date":"2022-09-29T14:05:13","date_gmt":"2022-09-29T14:05:13","guid":{"rendered":"https:\/\/munisanlo.gob.ar\/turismo\/?p=4689"},"modified":"2022-09-29T14:05:14","modified_gmt":"2022-09-29T14:05:14","slug":"san-lorenzo-se-promocionara-en-fit","status":"publish","type":"post","link":"https:\/\/munisanlo.gob.ar\/turismo\/san-lorenzo-se-promocionara-en-fit\/","title":{"rendered":"san lorenzo se promocionar\u00e1 en fit"},"content":{"rendered":"\n<p>San Lorenzo se promocionar\u00e1 en la Feria Internacional de Turismo que tendr\u00e1 lugar entre el 01 y el 04 de Octubre en el Predio La Rural de la Ciudad de Buenos Aires.<\/p>\n\n\n\n<p>Junto al Ministerio de Turismo y Deportes de la Provincia de Salta, San Lorenzo estar\u00e1 presente promocionando su oferta tur\u00edstica en la feria de turismo m\u00e1s importante del pa\u00eds a trav\u00e9s de la Municipalidad y de la C\u00e1mara de Turismo y Comercio. <\/p>\n\n\n\n<p>Salta ocupar\u00e1 parte de la Isla del Norte Argentino que se ubicar\u00e1 en el ingreso al Pabell\u00f3n Nacional.<br><\/p>\n\n\n\n<p>Adem\u00e1s, el lunes 3 de octubre \u2013 12.30 hs participar\u00e1 del \u201cLanzamiento Calendario de Verano 2023\u201d que llevar\u00e1 a cabo en el Auditorio CFT 2 &#8211; Pabell\u00f3n Internacional<br><\/p>\n\n\n\n<p>Y el martes 4 de octubre \u2013 12.30 hs presentar\u00e1 su oferta de turismo activo y de naturaleza en el panel de \u201cExperiencias que enamoran\u201d que organiza la Provincia de Salta y que se llevar\u00e1 a cabo en el Auditorio CFT 2 Pabell\u00f3n Internacional.<\/p>\n\n\n\n<p><\/p>\n\n\n\n<p><\/p>\n\n\n\n<p><\/p>\n","protected":false},"excerpt":{"rendered":"<p>San Lorenzo se promocionar\u00e1 en la Feria Internacional de Turismo que tendr\u00e1 lugar entre el 01 y el 04 de Octubre en el Predio La Rural de la Ciudad de Buenos Aires. Junto al Ministerio de Turismo y Deportes de [&hellip;]<\/p>\n","protected":false},"author":6,"featured_media":4690,"comment_status":"open","ping_status":"open","sticky":false,"template":"","format":"standard","meta":{"footnotes":""},"categories":[85,1],"tags":[],"class_list":["post-4689","post","type-post","status-publish","format-standard","has-post-thumbnail","hentry","category-novedades","category-sin-categoria"],"_links":{"self":[{"href":"https:\/\/munisanlo.gob.ar\/turismo\/wp-json\/wp\/v2\/posts\/4689","targetHints":{"allow":["GET"]}}],"collection":[{"href":"https:\/\/munisanlo.gob.ar\/turismo\/wp-json\/wp\/v2\/posts"}],"about":[{"href":"https:\/\/munisanlo.gob.ar\/turismo\/wp-json\/wp\/v2\/types\/post"}],"author":[{"embeddable":true,"href":"https:\/\/munisanlo.gob.ar\/turismo\/wp-json\/wp\/v2\/users\/6"}],"replies":[{"embeddable":true,"href":"https:\/\/munisanlo.gob.ar\/turismo\/wp-json\/wp\/v2\/comments?post=4689"}],"version-history":[{"count":1,"href":"https:\/\/munisanlo.gob.ar\/turismo\/wp-json\/wp\/v2\/posts\/4689\/revisions"}],"predecessor-version":[{"id":4691,"href":"https:\/\/munisanlo.gob.ar\/turismo\/wp-json\/wp\/v2\/posts\/4689\/revisions\/4691"}],"wp:featuredmedia":[{"embeddable":true,"href":"https:\/\/munisanlo.gob.ar\/turismo\/wp-json\/wp\/v2\/media\/4690"}],"wp:attachment":[{"href":"https:\/\/munisanlo.gob.ar\/turismo\/wp-json\/wp\/v2\/media?parent=4689"}],"wp:term":[{"taxonomy":"category","embeddable":true,"href":"https:\/\/munisanlo.gob.ar\/turismo\/wp-json\/wp\/v2\/categories?post=4689"},{"taxonomy":"post_tag","embeddable":true,"href":"https:\/\/munisanlo.gob.ar\/turismo\/wp-json\/wp\/v2\/tags?post=4689"}],"curies":[{"name":"wp","href":"https:\/\/api.w.org\/{rel}","templated":true}]}}