{"id":5199,"date":"2023-12-06T13:21:05","date_gmt":"2023-12-06T16:21:05","guid":{"rendered":"https:\/\/munisanlo.gob.ar\/turismo\/?p=5199"},"modified":"2024-03-04T09:29:43","modified_gmt":"2024-03-04T12:29:43","slug":"san-lorenzo-se-prepara-para-el-verano-con-un-gran-calendario-de-actividades","status":"publish","type":"post","link":"https:\/\/munisanlo.gob.ar\/turismo\/san-lorenzo-se-prepara-para-el-verano-con-un-gran-calendario-de-actividades\/","title":{"rendered":"un verano con un gran calendario de actividades"},"content":{"rendered":"\n<p class=\"has-black-color has-white-background-color has-text-color has-background has-link-color wp-elements-7a25a5d1f04de65209b90a301b213751\">E<strong><mark style=\"background-color:rgba(0, 0, 0, 0)\" class=\"has-inline-color has-black-color\">ste verano San Lorenzo invita a descubrir la magia que cautiva a todos nuestros visitantes.<\/mark><\/strong> Sea que buscas experiencias, seas un amante de la naturaleza o quieras desconectarte, San Lorenzo se ofrece como el destino ideal para disfrutar las mejores vacaciones. <\/p>\n\n\n\n<p class=\"has-black-color has-white-background-color has-text-color has-background has-link-color wp-elements-18bc78fc6f4e68213880307499cd044a\"><\/p>\n\n\n\n<figure class=\"wp-block-gallery has-nested-images columns-default is-cropped wp-block-gallery-1 is-layout-flex wp-block-gallery-is-layout-flex\">\n<figure class=\"wp-block-image size-large\"><a href=\"https:\/\/munisanlo.gob.ar\/turismo\/wp-content\/uploads\/2023\/12\/Verano-Buenos-momentos.jpg\"><img fetchpriority=\"high\" decoding=\"async\" width=\"1024\" height=\"724\" data-id=\"5226\" src=\"https:\/\/munisanlo.gob.ar\/turismo\/wp-content\/uploads\/2023\/12\/Verano-Buenos-momentos-1024x724.jpg\" alt=\"\" class=\"wp-image-5226\" srcset=\"https:\/\/munisanlo.gob.ar\/turismo\/wp-content\/uploads\/2023\/12\/Verano-Buenos-momentos-1024x724.jpg 1024w, https:\/\/munisanlo.gob.ar\/turismo\/wp-content\/uploads\/2023\/12\/Verano-Buenos-momentos-300x212.jpg 300w, https:\/\/munisanlo.gob.ar\/turismo\/wp-content\/uploads\/2023\/12\/Verano-Buenos-momentos-768x543.jpg 768w, https:\/\/munisanlo.gob.ar\/turismo\/wp-content\/uploads\/2023\/12\/Verano-Buenos-momentos-1536x1087.jpg 1536w, https:\/\/munisanlo.gob.ar\/turismo\/wp-content\/uploads\/2023\/12\/Verano-Buenos-momentos-600x425.jpg 600w, https:\/\/munisanlo.gob.ar\/turismo\/wp-content\/uploads\/2023\/12\/Verano-Buenos-momentos.jpg 1600w\" sizes=\"(max-width: 1024px) 100vw, 1024px\" \/><\/a><figcaption class=\"wp-element-caption\">DCIM\\100MEDIA\\DJI_0531.JPG<\/figcaption><\/figure>\n\n\n\n<figure class=\"wp-block-image size-large\"><a href=\"https:\/\/munisanlo.gob.ar\/turismo\/wp-content\/uploads\/2023\/12\/Verano-Desconexion.jpg\"><img decoding=\"async\" width=\"1024\" height=\"724\" data-id=\"5227\" src=\"https:\/\/munisanlo.gob.ar\/turismo\/wp-content\/uploads\/2023\/12\/Verano-Desconexion-1024x724.jpg\" alt=\"\" class=\"wp-image-5227\" srcset=\"https:\/\/munisanlo.gob.ar\/turismo\/wp-content\/uploads\/2023\/12\/Verano-Desconexion-1024x724.jpg 1024w, https:\/\/munisanlo.gob.ar\/turismo\/wp-content\/uploads\/2023\/12\/Verano-Desconexion-300x212.jpg 300w, https:\/\/munisanlo.gob.ar\/turismo\/wp-content\/uploads\/2023\/12\/Verano-Desconexion-768x543.jpg 768w, https:\/\/munisanlo.gob.ar\/turismo\/wp-content\/uploads\/2023\/12\/Verano-Desconexion-1536x1087.jpg 1536w, https:\/\/munisanlo.gob.ar\/turismo\/wp-content\/uploads\/2023\/12\/Verano-Desconexion-600x425.jpg 600w, https:\/\/munisanlo.gob.ar\/turismo\/wp-content\/uploads\/2023\/12\/Verano-Desconexion.jpg 1600w\" sizes=\"(max-width: 1024px) 100vw, 1024px\" \/><\/a><\/figure>\n\n\n\n<figure class=\"wp-block-image size-large\"><a href=\"https:\/\/munisanlo.gob.ar\/turismo\/wp-content\/uploads\/2023\/12\/Verano-Experiencias.jpg\"><img decoding=\"async\" width=\"1024\" height=\"724\" data-id=\"5228\" src=\"https:\/\/munisanlo.gob.ar\/turismo\/wp-content\/uploads\/2023\/12\/Verano-Experiencias-1024x724.jpg\" alt=\"\" class=\"wp-image-5228\" srcset=\"https:\/\/munisanlo.gob.ar\/turismo\/wp-content\/uploads\/2023\/12\/Verano-Experiencias-1024x724.jpg 1024w, https:\/\/munisanlo.gob.ar\/turismo\/wp-content\/uploads\/2023\/12\/Verano-Experiencias-300x212.jpg 300w, https:\/\/munisanlo.gob.ar\/turismo\/wp-content\/uploads\/2023\/12\/Verano-Experiencias-768x543.jpg 768w, https:\/\/munisanlo.gob.ar\/turismo\/wp-content\/uploads\/2023\/12\/Verano-Experiencias-1536x1087.jpg 1536w, https:\/\/munisanlo.gob.ar\/turismo\/wp-content\/uploads\/2023\/12\/Verano-Experiencias-600x425.jpg 600w, https:\/\/munisanlo.gob.ar\/turismo\/wp-content\/uploads\/2023\/12\/Verano-Experiencias.jpg 1600w\" sizes=\"(max-width: 1024px) 100vw, 1024px\" \/><\/a><\/figure>\n<\/figure>\n\n\n\n<p class=\"has-black-color has-white-background-color has-text-color has-background has-link-color wp-elements-17a151d7ef36efab3677b98bf571d3b7\"><br>Te invitamos a compartir la riqueza de nuestras tradiciones gauchas mientras cabalgas por majestuosos cerros o te dejas atrapar por nuestras danzas folkl\u00f3ricas. <\/p>\n\n\n\n<p class=\"has-black-color has-white-background-color has-text-color has-background has-link-color wp-elements-5b54d01697f1c81e6bc5f2aeb4af4388\">A conectarte con la naturaleza a trav\u00e9s de emocionantes paseos en four-track o senderos que te conducen a impresionantes miradores. A desafiar tus l\u00edmites con emocionantes excursiones en bicicleta o vuelos de bautismo desde la cima del Cerro Elefante. Y a descubrir la diversidad que encierran nuestras yungas. Pero tambi\u00e9n date el gusto de ser mimado en nuestros hoteles y rel\u00e1jarte en los spas o simplemente a sentarte al lado del r\u00edo y en serenidad disfrutar de ricos mates junto a tu mejor compa\u00f1\u00eda.<\/p>\n\n\n\n<p class=\"has-black-color has-white-background-color has-text-color has-background has-link-color wp-elements-d81093d9544afe6178da77af059ef541\">Contamos con m\u00e1s de 800 plazas hoteleras distribuidas en hoteles, hoster\u00edas y caba\u00f1as, todos compartiendo la caracter\u00edstica \u00fanica de ser atendidos por sus due\u00f1os, garantizando as\u00ed un servicio personalizado. Te extendemos la invitaci\u00f3n a vivir momentos inolvidables, maravillarte en nuestros museos, explorar los nuevos centros gastron\u00f3micos y comerciales en San Lorenzo Chico, as\u00ed como las innovadoras propuestas en el Parque Costanera San Lorenzo.<\/p>\n\n\n\n<p class=\"has-black-color has-white-background-color has-text-color has-background has-link-color wp-elements-571aa6f9603e57c98c13ab09c23e5b56\">A continuaci\u00f3n todas las actividades programadas:<\/p>\n\n\n\n<p class=\"has-vivid-red-color has-white-background-color has-text-color has-background has-link-color wp-elements-d50b5c075e7539882036d595c149b5be\"><strong><mark style=\"background-color:rgba(0, 0, 0, 0)\" class=\"has-inline-color has-luminous-vivid-orange-color\">PARA DISFRUTAR LOS SABORES, LAS PE\u00d1AS Y LA M\u00daSICA DE SAN LORENZO:<\/mark><\/strong><\/p>\n\n\n\n<p class=\"has-black-color has-white-background-color has-text-color has-background has-link-color wp-elements-a759d086ea91f03e922b487f7aebdb0c\">El s\u00e1bado 03 de febrero a partir de las 21,00 hs el reconocido grupo <mark style=\"background-color:rgba(0, 0, 0, 0)\" class=\"has-inline-color has-vivid-red-color\"><strong>LOS DEL PORTEZUELO tocar\u00e1n en vivo al aire libre<\/strong><\/mark> en el Parque Costanera San Lorenzo. Entrada libre y gratuita.<\/p>\n\n\n\n<p class=\"has-black-color has-white-background-color has-text-color has-background has-link-color wp-elements-a9f0855375338d5b647444991433e5aa\">Todos los s\u00e1bados y domingos, se realiza\u00a0 la <strong><em>Feria Gastron\u00f3mica El Zorzal<\/em><\/strong>, a la cual se sumar\u00e1 una Feria Agroecol\u00f3gica. En la Plaza Ej\u00e9rcito Argentino (Villa San Lorenzo) a partir de la 10:00 hs.<\/p>\n\n\n\n<p class=\"has-black-color has-white-background-color has-text-color has-background has-link-color wp-elements-3632d8a811fc23688ac0a6722752c7f5\">El <strong><mark style=\"background-color:rgba(0, 0, 0, 0)\" class=\"has-inline-color has-black-color\">s\u00e1bado 10 de Febrero<\/mark><\/strong> se realizar\u00e1 la \u201c<strong><mark style=\"background-color:rgba(0, 0, 0, 0)\" class=\"has-inline-color has-black-color\"><em>Pe\u00f1a y Feria del Carnaval<\/em><\/mark><\/strong>\u201d en la Plaza Ej\u00e9rcito Argentino (Villa San Lorenzo) a partir de 19:00 hs. Fondas gastron\u00f3micas, muestras folcl\u00f3ricas y show en vivo.&nbsp;&nbsp;&nbsp;&nbsp;&nbsp;&nbsp;&nbsp;&nbsp;&nbsp;&nbsp;&nbsp;&nbsp;&nbsp;&nbsp;<\/p>\n\n\n\n<p class=\"has-black-color has-white-background-color has-text-color has-background has-link-color wp-elements-a5b716d73e04eb93f965a58afcd9b123\"><strong><mark style=\"background-color:rgba(0, 0, 0, 0)\" class=\"has-inline-color has-luminous-vivid-orange-color\">ACTIVIDADES EN LA RESERVA LAS YUNGAS<\/mark><\/strong><\/p>\n\n\n\n<p class=\"has-black-color has-white-background-color has-text-color has-background has-link-color wp-elements-b7be38662f102834eaf6b92ffc42797d\"><em>(Calle Mariano Moreno al final |lasyungas@munisanlorenzo.gob.ar | +54 9 3875477453):<\/em><\/p>\n\n\n\n<p class=\"has-black-color has-white-background-color has-text-color has-background has-link-color wp-elements-592e817ea560185d60add2ceaa8428f1\">Los Jueves y S\u00e1bados a las 16:00 y los domingo a las 9:00, est\u00e1n previstos los \u201c<strong><em>Mini trekking guiados por la Reserva Las Yungas<\/em><\/strong>\u201d, con una duraci\u00f3n de 2hs, a cargo de los Gu\u00edas de Sitio de San Lorenzo. Requiere inscripci\u00f3n previa. Dificultad media. Actividad con costo $5.000 pp o $12.000 Grupo familiar &#8211; ni\u00f1os mayores de 8 a\u00f1os -. Reservas al: +54 9 387n605-0808. All\u00ed podr\u00e1s consultar por otros trekkings de mayor recorrido.<\/p>\n\n\n\n<p class=\"has-black-color has-white-background-color has-text-color has-background has-link-color wp-elements-4512eb296d59b53b7d9c285434a1b8d8\">El S\u00e1bado 17 de Febrero se realizar\u00e1 el <strong><em>\u201cFoto \u2013 Trekk\u201d<\/em><\/strong> en la Reserva Municipal Las Yungas a las 09:00. Se trata de un trekking por los senderos de la Reserva, con pautas b\u00e1sicas para la fotograf\u00eda de naturaleza (uso de la luz natural, encuadre y composici\u00f3n). Con Costo. Con inscripci\u00f3n previa.&nbsp; A cargo del fotoperiodista y documentalista Juan Mart\u00edn Rold\u00e1n. Reservas:&nbsp; +54 9 1161203445<\/p>\n\n\n\n<p class=\"has-black-color has-white-background-color has-text-color has-background has-link-color wp-elements-5ad083d2af7e778bd6112c21fc92e46d\">El s\u00e1bado 24 de Febrero, aprovechando la luna llena, se realizar\u00e1 un \u201c<strong><em>Trekking de luna llena<\/em><\/strong>\u201d, por el sendero de la Cruz de la Reserva, con un descanso y una picada a luz de las velas con una vista panor\u00e1mica a San Lorenzo y Salta Capital. (Dificultad media. Actividad con costo. Requiere reserva previa. Reservas:&nbsp; +54 9 3876050808)<\/p>\n\n\n\n<p class=\"has-black-color has-white-background-color has-text-color has-background has-link-color wp-elements-221aeac66105261c5e3b167ec60c98dd\"><strong><mark style=\"background-color:rgba(0, 0, 0, 0)\" class=\"has-inline-color has-luminous-vivid-orange-color\">ACTIVIDADES EN LA QUEBRADA DE SAN LORENZO<\/mark><\/strong><\/p>\n\n\n\n<p class=\"has-black-color has-white-background-color has-text-color has-background has-link-color wp-elements-f1669e6264fd8e1092087ca96292ec1d\"><em>(Calle Juan Carlos D\u00e1valos al final | +54 9 3875477454):<\/em><strong><\/strong><\/p>\n\n\n\n<p class=\"has-black-color has-white-background-color has-text-color has-background has-link-color wp-elements-7caa98fdef9790b2e156d9f01f403eac\">Los martes, jueves y s\u00e1bados a las 16.00 hs. tambi\u00e9n la Quebrada albergar\u00e1 el taller: \u201c<strong><em>Aprendiendo a bailar folclore\u201d:<\/em><\/strong> un taller de danzas folcl\u00f3rica a cargo de las academias de danzas Misterio de Zamba y La Sanlorence\u00f1a, en los que se invita a los turistas a dar sus primeros pasos en las danzas tradicionales. Actividad sin costo. No requiere reserva previa. Para toda la familia.<\/p>\n\n\n\n<p class=\"has-black-color has-white-background-color has-text-color has-background has-link-color wp-elements-2f8f6d246558f4bee416118aa5df78ef\">Los lunes y mi\u00e9rcoles, los informantes tur\u00edsticos guiar\u00e1n a los visitantes en el <strong><em>\u201cRecorrido por el sendero interpretativo de la Quebrada de San Lorenzo\u201d<\/em><\/strong>, con datos de la historia de San Lorenzo\u201d a las 11:00 hs. Actividad sin costo. No requiere reserva previa. &nbsp;&nbsp;&nbsp;&nbsp;&nbsp;&nbsp;&nbsp;&nbsp;<\/p>\n\n\n\n<p class=\"has-black-color has-white-background-color has-text-color has-background has-link-color wp-elements-bfd38cbc517ccf5fdbf287af3bde2897\"><strong><mark style=\"background-color:rgba(0, 0, 0, 0)\" class=\"has-inline-color has-luminous-vivid-orange-color\">LLEGAN LOS CORSOS DE LA FAMILIA:<\/mark><\/strong><\/p>\n\n\n\n<p class=\"has-black-color has-white-background-color has-text-color has-background has-link-color wp-elements-fee5655aacd18f184c7bc8e62090e852\">El viernes 2, s\u00e1bado 3 y domingo 4 de febrero contin\u00faan los <strong><em>\u201cCorsos de la familia con los Mu\u00f1equitos de Carlitos Meli\u00e1n\u201d<\/em><\/strong> a partir de las 20.00 hs sobre Calle 9 de julio esq. San Mart\u00edn (Villa San Lorenzo). Las entradas se podr\u00e1n adquirir en: https:\/\/www.passline.com\/eventos\/corsos-de-la-familia-san-lorenzo | Entrada general $2.000 &#8211; Ni\u00f1os hasta 10 a\u00f1os: $1.000<\/p>\n\n\n\n<figure class=\"wp-block-gallery has-nested-images columns-default is-cropped wp-block-gallery-2 is-layout-flex wp-block-gallery-is-layout-flex\">\n<figure class=\"wp-block-image size-large\"><a href=\"https:\/\/munisanlo.gob.ar\/turismo\/wp-content\/uploads\/2023\/12\/17.Foto-de-Celine-Frers.jpg\"><img loading=\"lazy\" decoding=\"async\" width=\"1024\" height=\"683\" data-id=\"5224\" src=\"https:\/\/munisanlo.gob.ar\/turismo\/wp-content\/uploads\/2023\/12\/17.Foto-de-Celine-Frers-1024x683.jpg\" alt=\"\" class=\"wp-image-5224\" srcset=\"https:\/\/munisanlo.gob.ar\/turismo\/wp-content\/uploads\/2023\/12\/17.Foto-de-Celine-Frers-1024x683.jpg 1024w, https:\/\/munisanlo.gob.ar\/turismo\/wp-content\/uploads\/2023\/12\/17.Foto-de-Celine-Frers-300x200.jpg 300w, https:\/\/munisanlo.gob.ar\/turismo\/wp-content\/uploads\/2023\/12\/17.Foto-de-Celine-Frers-768x512.jpg 768w, https:\/\/munisanlo.gob.ar\/turismo\/wp-content\/uploads\/2023\/12\/17.Foto-de-Celine-Frers-1536x1024.jpg 1536w, https:\/\/munisanlo.gob.ar\/turismo\/wp-content\/uploads\/2023\/12\/17.Foto-de-Celine-Frers-600x400.jpg 600w, https:\/\/munisanlo.gob.ar\/turismo\/wp-content\/uploads\/2023\/12\/17.Foto-de-Celine-Frers.jpg 1620w\" sizes=\"(max-width: 1024px) 100vw, 1024px\" \/><\/a><\/figure>\n\n\n\n<figure class=\"wp-block-image size-large\"><a href=\"https:\/\/munisanlo.gob.ar\/turismo\/wp-content\/uploads\/2023\/12\/23.Foto-de-Celine-Frers.jpg\"><img loading=\"lazy\" decoding=\"async\" width=\"1024\" height=\"666\" data-id=\"5223\" src=\"https:\/\/munisanlo.gob.ar\/turismo\/wp-content\/uploads\/2023\/12\/23.Foto-de-Celine-Frers-1024x666.jpg\" alt=\"\" class=\"wp-image-5223\" srcset=\"https:\/\/munisanlo.gob.ar\/turismo\/wp-content\/uploads\/2023\/12\/23.Foto-de-Celine-Frers-1024x666.jpg 1024w, https:\/\/munisanlo.gob.ar\/turismo\/wp-content\/uploads\/2023\/12\/23.Foto-de-Celine-Frers-300x195.jpg 300w, https:\/\/munisanlo.gob.ar\/turismo\/wp-content\/uploads\/2023\/12\/23.Foto-de-Celine-Frers-768x500.jpg 768w, https:\/\/munisanlo.gob.ar\/turismo\/wp-content\/uploads\/2023\/12\/23.Foto-de-Celine-Frers-1536x999.jpg 1536w, https:\/\/munisanlo.gob.ar\/turismo\/wp-content\/uploads\/2023\/12\/23.Foto-de-Celine-Frers-600x390.jpg 600w, https:\/\/munisanlo.gob.ar\/turismo\/wp-content\/uploads\/2023\/12\/23.Foto-de-Celine-Frers.jpg 1660w\" sizes=\"(max-width: 1024px) 100vw, 1024px\" \/><\/a><\/figure>\n\n\n\n<figure class=\"wp-block-image size-large\"><a href=\"https:\/\/munisanlo.gob.ar\/turismo\/wp-content\/uploads\/2023\/12\/PArtaza-4.jpg\"><img loading=\"lazy\" decoding=\"async\" width=\"1024\" height=\"683\" data-id=\"5225\" src=\"https:\/\/munisanlo.gob.ar\/turismo\/wp-content\/uploads\/2023\/12\/PArtaza-4-1024x683.jpg\" alt=\"\" class=\"wp-image-5225\" srcset=\"https:\/\/munisanlo.gob.ar\/turismo\/wp-content\/uploads\/2023\/12\/PArtaza-4-1024x683.jpg 1024w, https:\/\/munisanlo.gob.ar\/turismo\/wp-content\/uploads\/2023\/12\/PArtaza-4-300x200.jpg 300w, https:\/\/munisanlo.gob.ar\/turismo\/wp-content\/uploads\/2023\/12\/PArtaza-4-768x512.jpg 768w, https:\/\/munisanlo.gob.ar\/turismo\/wp-content\/uploads\/2023\/12\/PArtaza-4-1536x1024.jpg 1536w, https:\/\/munisanlo.gob.ar\/turismo\/wp-content\/uploads\/2023\/12\/PArtaza-4-600x400.jpg 600w\" sizes=\"(max-width: 1024px) 100vw, 1024px\" \/><\/a><\/figure>\n<\/figure>\n\n\n\n<p><\/p>\n\n\n\n<p class=\"has-black-color has-white-background-color has-text-color has-background has-link-color wp-elements-18bc78fc6f4e68213880307499cd044a\"><\/p>\n\n\n\n<p class=\"has-black-color has-white-background-color has-text-color has-background has-link-color wp-elements-4cda0b9adaa2c96a38e5f73136604a72\"><mark style=\"background-color:rgba(0, 0, 0, 0)\" class=\"has-inline-color has-luminous-vivid-orange-color\">BUS TUR\u00cdSTICO SAN LORENZO:<\/mark> <\/p>\n\n\n\n<p class=\"has-black-color has-white-background-color has-text-color has-background has-link-color wp-elements-66086ad3c921b5c03b55e5cdd59a7995\">Los recorridos por San Lorenzo junto al <strong>Bus Tur\u00edstico<\/strong> <strong>San Lorenzo<\/strong> te permiten conocer la historia de nuestra localidad en un transporte ideal para disfrutar del entorno. <\/p>\n\n\n\n<p class=\"has-black-color has-white-background-color has-text-color has-background has-link-color wp-elements-d240226449597f24019edba8093d8b14\">El bus opera los d\u00edas viernes, s\u00e1bados y domingos saliendo desde la Quebrada de San Lorenzo a las 16.00 hs. El costo del recorrido de dos horas y medias, que incluye la visita a los Museos (Museo Did\u00e1ctico de la Gesta G\u00fcemesiana y Gaucha y Sal\u00f3n del Autom\u00f3vil) es de $13.500 para adultos y $12.800 para jubilados y menores. (Reservas al: 0387 &#8211; 5409006 | Consulta por salidas desde la Ciudad de Salta).<\/p>\n\n\n\n<p class=\"has-black-color has-white-background-color has-text-color has-background has-link-color wp-elements-5225b81576709c66fdcd216b288e584f\"><strong><mark style=\"background-color:rgba(0, 0, 0, 0)\" class=\"has-inline-color has-luminous-vivid-orange-color\">OTROS IMPERDIBLES:<\/mark><\/strong><\/p>\n\n\n\n<p class=\"has-black-color has-white-background-color has-text-color has-background has-link-color wp-elements-8e25b552660b774b6423adc50bfeb495\">Las nuevas propuestas gastron\u00f3micas y comerciales de los <strong>Centros Comerciales y polos gastron\u00f3micas de San Lorenzo Chico<\/strong> y del <strong>Parque Costanera San Lorenzo<\/strong> que cuenta con food trucks y puestos gastron\u00f3micos para disfrutar al aire libre (mi\u00e9rcoles a domingos a partir de las 17.00 hs).<\/p>\n\n\n\n<p class=\"has-black-color has-white-background-color has-text-color has-background has-link-color wp-elements-1ccddde0c91f818ea5b7ba09828f6e16\">El <strong>Museo Did\u00e1ctico de la Gesta G\u00fcemesiano: <\/strong>En la sede de la Agrupaci\u00f3n Gaucha Juan Carlos D\u00e1valos (Calle Mariano Moreno al fondo). Horario de Atenci\u00f3n: Lunes a S\u00e1bado de 10 a 12:30 y de 15:30 a 18:30. Reservas al +54 9 3874 08-9292. Servicios: Visitas Guiadas. Entrada arancelada.<\/p>\n\n\n\n<p class=\"has-black-color has-white-background-color has-text-color has-background has-link-color wp-elements-8f30b1ffa4a9bc149e2b7c9e6606e1da\">El <strong>Museo del Autom\u00f3vil: <\/strong>Es la primera colecci\u00f3n de autom\u00f3viles privada abierta al p\u00fablico en la Provincia de Salta, alberga una variada colecci\u00f3n de autom\u00f3viles y objetos relacionados con el automovilismo, los mismos van desde 1890 hasta 1980 (Direcci\u00f3n: Avda. San Martin N\u00ba 2591 \/ San Lorenzo | Horario de Atenci\u00f3n: Abierto todos los d\u00edas | Tel\u00e9fono: +54(387) 4921231 \/ 4922072 \/ M\u00f3vil: 0387 155139016). Servicios: Entrada arancelada.<\/p>\n\n\n\n<p class=\"has-black-color has-text-color has-link-color wp-elements-9ac00cf961d1ea846fe5a532228b76c6\"><\/p>\n\n\n\n<p class=\"has-black-color has-text-color has-link-color wp-elements-d274bf3ad7ab0fa47b7f0618467506ef\">Para descargar el calendario completo, hac\u00e9 click a continuaci\u00f3n: <\/p>\n\n\n\n<p><\/p>\n\n\n\n<div data-wp-interactive=\"core\/file\" class=\"wp-block-file\"><object data-wp-bind--hidden=\"!state.hasPdfPreview\" hidden class=\"wp-block-file__embed\" data=\"https:\/\/munisanlo.gob.ar\/turismo\/wp-content\/uploads\/2024\/01\/Calendario-Verano_BAJA.pdf\" type=\"application\/pdf\" style=\"width:100%;height:600px\" aria-label=\"Incrustado de Calendario-Verano_BAJA.\"><\/object><a id=\"wp-block-file--media-c19137bd-9204-4b24-8920-d6e2c45cf963\" href=\"https:\/\/munisanlo.gob.ar\/turismo\/wp-content\/uploads\/2024\/01\/Calendario-Verano_BAJA.pdf\">Calendario-Verano_BAJA<\/a><a href=\"https:\/\/munisanlo.gob.ar\/turismo\/wp-content\/uploads\/2024\/01\/Calendario-Verano_BAJA.pdf\" class=\"wp-block-file__button wp-element-button\" download aria-describedby=\"wp-block-file--media-c19137bd-9204-4b24-8920-d6e2c45cf963\">Descarga<\/a><\/div>\n\n\n\n<p><\/p>\n\n\n\n<p><\/p>\n\n\n\n<p><\/p>\n","protected":false},"excerpt":{"rendered":"<p>Este verano San Lorenzo invita a descubrir la magia que cautiva a todos nuestros visitantes. Sea que buscas experiencias, seas un amante de la naturaleza o quieras desconectarte, San Lorenzo se ofrece como el destino ideal para disfrutar las mejores [&hellip;]<\/p>\n","protected":false},"author":6,"featured_media":5232,"comment_status":"closed","ping_status":"closed","sticky":false,"template":"","format":"standard","meta":{"footnotes":""},"categories":[1],"tags":[],"class_list":["post-5199","post","type-post","status-publish","format-standard","has-post-thumbnail","hentry","category-sin-categoria"],"_links":{"self":[{"href":"https:\/\/munisanlo.gob.ar\/turismo\/wp-json\/wp\/v2\/posts\/5199","targetHints":{"allow":["GET"]}}],"collection":[{"href":"https:\/\/munisanlo.gob.ar\/turismo\/wp-json\/wp\/v2\/posts"}],"about":[{"href":"https:\/\/munisanlo.gob.ar\/turismo\/wp-json\/wp\/v2\/types\/post"}],"author":[{"embeddable":true,"href":"https:\/\/munisanlo.gob.ar\/turismo\/wp-json\/wp\/v2\/users\/6"}],"replies":[{"embeddable":true,"href":"https:\/\/munisanlo.gob.ar\/turismo\/wp-json\/wp\/v2\/comments?post=5199"}],"version-history":[{"count":11,"href":"https:\/\/munisanlo.gob.ar\/turismo\/wp-json\/wp\/v2\/posts\/5199\/revisions"}],"predecessor-version":[{"id":5537,"href":"https:\/\/munisanlo.gob.ar\/turismo\/wp-json\/wp\/v2\/posts\/5199\/revisions\/5537"}],"wp:featuredmedia":[{"embeddable":true,"href":"https:\/\/munisanlo.gob.ar\/turismo\/wp-json\/wp\/v2\/media\/5232"}],"wp:attachment":[{"href":"https:\/\/munisanlo.gob.ar\/turismo\/wp-json\/wp\/v2\/media?parent=5199"}],"wp:term":[{"taxonomy":"category","embeddable":true,"href":"https:\/\/munisanlo.gob.ar\/turismo\/wp-json\/wp\/v2\/categories?post=5199"},{"taxonomy":"post_tag","embeddable":true,"href":"https:\/\/munisanlo.gob.ar\/turismo\/wp-json\/wp\/v2\/tags?post=5199"}],"curies":[{"name":"wp","href":"https:\/\/api.w.org\/{rel}","templated":true}]}}