{"id":6078,"date":"2026-01-12T13:33:12","date_gmt":"2026-01-12T16:33:12","guid":{"rendered":"https:\/\/munisanlo.gob.ar\/turismo\/?p=6078"},"modified":"2026-01-13T12:32:12","modified_gmt":"2026-01-13T15:32:12","slug":"san-lorenzo-celebra-a-la-empanada-con-promociones-y-un-gran-concurso","status":"publish","type":"post","link":"https:\/\/munisanlo.gob.ar\/turismo\/san-lorenzo-celebra-a-la-empanada-con-promociones-y-un-gran-concurso\/","title":{"rendered":"san lorenzo celebra a la empanada con promociones y un gran concurso"},"content":{"rendered":"\n<p><\/p>\n\n\n\n<p>Del <strong>12 al 18 de enero<\/strong>, San Lorenzo invita a turistas y salte\u00f1os a vivir la <strong>Semana de la Empanada<\/strong>, una propuesta que combina gastronom\u00eda, cultura y beneficios especiales para disfrutar del destino. <\/p>\n\n\n\n<p><\/p>\n\n\n\n<h5 class=\"wp-block-heading\">semana de la empanada<\/h5>\n\n\n\n<p><\/p>\n\n\n\n<p>Durante toda la semana, quienes recorran la localidad podr\u00e1n acceder a <strong>promociones y descuentos en locales adheridos<\/strong>, fortaleciendo el consumo local y la experiencia tur\u00edstica.<\/p>\n\n\n\n<p><\/p>\n\n\n\n<h6 class=\"wp-block-heading\">Restaurantes adheridos:<\/h6>\n\n\n\n<p><strong><a href=\"https:\/\/www.google.com\/search?q=https:\/\/www.google.com\/maps\/search\/%3Fapi%3D1%26query%3DJe%2BSuis%2BRaclette%26query_place_id%3DChIJGWtHWQDrG5QR6i_0N1q8y6U\" target=\"_blank\" rel=\"noreferrer noopener\">Je Suis Raclette<\/a><\/strong><\/p>\n\n\n\n<p>Este restaurante es conocido por sus platos con queso raclette fundido, ofreciendo una experiencia gastron\u00f3mica distinta en la zona.<\/p>\n\n\n\n<ul class=\"wp-block-list\">\n<li><strong>Direcci\u00f3n:<\/strong>\u00a0Ernesto Sabato 300, A4401 Villa San Lorenzo, Salta.<\/li>\n<\/ul>\n\n\n\n<p><strong><a href=\"https:\/\/www.google.com\/search?q=https:\/\/www.google.com\/maps\/search\/%3Fapi%3D1%26query%3DLo%2Bdel%2BBoya%26query_place_id%3DChIJ6wZlXanrG5QRFGaaX0AN640\" target=\"_blank\" rel=\"noreferrer noopener\">Lo del Boya<\/a><\/strong><\/p>\n\n\n\n<p>Un lugar cl\u00e1sico y muy concurrido en San Lorenzo, ideal para disfrutar de minutas y platos tradicionales.<\/p>\n\n\n\n<ul class=\"wp-block-list\">\n<li><strong>Direcci\u00f3n:<\/strong>\u00a0Jos\u00e9 Hern\u00e1ndez 611 (esquina Av. San Mart\u00edn), A4401 Villa San Lorenzo, Salta.<\/li>\n\n\n\n<li><strong>Tel\u00e9fono:<\/strong>\u00a0<a href=\"https:\/\/www.google.com\/search?q=tel:%2B543875719531\" target=\"_blank\" rel=\"noreferrer noopener\">+54 387 571-9531<\/a><\/li>\n<\/ul>\n\n\n\n<p><strong><a href=\"https:\/\/www.google.com\/search?q=https:\/\/www.google.com\/maps\/search\/%3Fapi%3D1%26query%3DLo%2Bde%2BMichel%26query_place_id%3DChIJ62S_o8HrG5QRzqKOm9u-xh8\" target=\"_blank\" rel=\"noreferrer noopener\">Lo de Michel<\/a><\/strong><\/p>\n\n\n\n<p>Un sitio muy bien valorado, especialmente para quienes buscan un ambiente tranquilo y familiar, generalmente enfocado en almuerzos de fin de semana.<\/p>\n\n\n\n<ul class=\"wp-block-list\">\n<li><strong>Direcci\u00f3n:<\/strong>\u00a0C. Sim\u00f3n Bol\u00edvar 1290, A4401 Villa San Lorenzo, Salta.<\/li>\n\n\n\n<li><strong>Tel\u00e9fono:<\/strong>\u00a0<a href=\"https:\/\/www.google.com\/search?q=tel:%2B543875024173\" target=\"_blank\" rel=\"noreferrer noopener\">+54 387 502-4173<\/a><\/li>\n<\/ul>\n\n\n\n<p><\/p>\n\n\n\n<h5 class=\"wp-block-heading\">Sobre el concurso de la Empanada<\/h5>\n\n\n\n<p><\/p>\n\n\n\n<p>El punto culminante ser\u00e1 el <strong>s\u00e1bado 17 de enero<\/strong>, con la realizaci\u00f3n del <strong>tradicional <\/strong>Concurso de la Empanada, un evento ya consolidado en la agenda cultural sanlorence\u00f1a, que re\u00fane sabores aut\u00e9nticos con m\u00fasica y danzas folcl\u00f3ricas en un clima festivo y familiar y donde se elige al mejor empanadero o empanadera de la localidad, quien tendr\u00e1 la oportunidad de concursar a nivel provincial. <\/p>\n\n\n\n<p><\/p>\n\n\n\n<p>La jornada comenzar\u00e1 a partir de las <strong>18:00 horas<\/strong>, con actividades especialmente pensadas para los m\u00e1s chicos: <strong>juegos inflables, peloteros y la visita de los Reyes Magos<\/strong>, promoviendo un espacio de encuentro intergeneracional. De manera paralela dar\u00e1 inicio el concurso, y se prev\u00e9 que alrededor de las <strong>19:00 horas<\/strong> se habiliten al p\u00fablico los <strong>puestos gastron\u00f3micos y de artesan\u00edas<\/strong>, permitiendo degustar empanadas y productos regionales.<\/p>\n\n\n\n<p><\/p>\n\n\n\n<p>El evento, de <strong>acceso libre y gratuito<\/strong>, contar\u00e1 con una destacada grilla art\u00edstica, con la participaci\u00f3n de la <strong>Academia de Danzas La Sanlorence\u00f1a<\/strong>, el grupo <strong>Perlas Gauchas<\/strong> y reconocidos artistas como <strong>Gonzalo Fern\u00e1ndez, Alejandro \u00c1vila y Ezequiel Correa<\/strong>, entre otros.<\/p>\n\n\n\n<p><\/p>\n\n\n\n<p>La cita es en la <strong>Plaza Ej\u00e9rcito Argentino<\/strong>. En caso de condiciones clim\u00e1ticas adversas, el evento se trasladar\u00e1 al <strong>Complejo Los Ceibos<\/strong>, ubicado a una cuadra de la plaza.<\/p>\n\n\n\n<p><\/p>\n\n\n\n<p>San Lorenzo contin\u00faa apostando al turismo gastron\u00f3mico y cultural como motor de desarrollo local, poniendo en valor sus tradiciones, sus artistas y el encuentro comunitario que caracteriza a la identidad del destino.<\/p>\n\n\n\n<p><\/p>\n\n\n\n<figure class=\"wp-block-gallery has-nested-images columns-default is-cropped wp-block-gallery-1 is-layout-flex wp-block-gallery-is-layout-flex\">\n<figure class=\"wp-block-image size-large\"><a href=\"https:\/\/munisanlo.gob.ar\/turismo\/wp-content\/uploads\/2026\/01\/Empanada-4.jpeg\"><img fetchpriority=\"high\" decoding=\"async\" width=\"300\" height=\"200\" data-id=\"6079\" src=\"https:\/\/munisanlo.gob.ar\/turismo\/wp-content\/uploads\/2026\/01\/Empanada-4.jpeg\" alt=\"\" class=\"wp-image-6079\"\/><\/a><\/figure>\n\n\n\n<figure class=\"wp-block-image size-large\"><a href=\"https:\/\/munisanlo.gob.ar\/turismo\/wp-content\/uploads\/2026\/01\/Empanada-3.jpeg\"><img decoding=\"async\" width=\"300\" height=\"200\" data-id=\"6080\" src=\"https:\/\/munisanlo.gob.ar\/turismo\/wp-content\/uploads\/2026\/01\/Empanada-3.jpeg\" alt=\"\" class=\"wp-image-6080\"\/><\/a><\/figure>\n\n\n\n<figure class=\"wp-block-image size-large\"><a href=\"https:\/\/munisanlo.gob.ar\/turismo\/wp-content\/uploads\/2026\/01\/Empanada-2.jpeg\"><img decoding=\"async\" width=\"844\" height=\"1024\" data-id=\"6081\" src=\"https:\/\/munisanlo.gob.ar\/turismo\/wp-content\/uploads\/2026\/01\/Empanada-2.jpeg\" alt=\"\" class=\"wp-image-6081\" srcset=\"https:\/\/munisanlo.gob.ar\/turismo\/wp-content\/uploads\/2026\/01\/Empanada-2.jpeg 844w, https:\/\/munisanlo.gob.ar\/turismo\/wp-content\/uploads\/2026\/01\/Empanada-2-247x300.jpeg 247w, https:\/\/munisanlo.gob.ar\/turismo\/wp-content\/uploads\/2026\/01\/Empanada-2-768x932.jpeg 768w, https:\/\/munisanlo.gob.ar\/turismo\/wp-content\/uploads\/2026\/01\/Empanada-2-600x728.jpeg 600w\" sizes=\"(max-width: 844px) 100vw, 844px\" \/><\/a><\/figure>\n\n\n\n<figure class=\"wp-block-image size-large\"><a href=\"https:\/\/munisanlo.gob.ar\/turismo\/wp-content\/uploads\/2026\/01\/Empanada-1.jpeg\"><img loading=\"lazy\" decoding=\"async\" width=\"857\" height=\"1024\" data-id=\"6082\" src=\"https:\/\/munisanlo.gob.ar\/turismo\/wp-content\/uploads\/2026\/01\/Empanada-1.jpeg\" alt=\"\" class=\"wp-image-6082\" srcset=\"https:\/\/munisanlo.gob.ar\/turismo\/wp-content\/uploads\/2026\/01\/Empanada-1.jpeg 857w, https:\/\/munisanlo.gob.ar\/turismo\/wp-content\/uploads\/2026\/01\/Empanada-1-251x300.jpeg 251w, https:\/\/munisanlo.gob.ar\/turismo\/wp-content\/uploads\/2026\/01\/Empanada-1-768x918.jpeg 768w, https:\/\/munisanlo.gob.ar\/turismo\/wp-content\/uploads\/2026\/01\/Empanada-1-600x717.jpeg 600w\" sizes=\"(max-width: 857px) 100vw, 857px\" \/><\/a><\/figure>\n<\/figure>\n","protected":false},"excerpt":{"rendered":"<p>Del 12 al 18 de enero, San Lorenzo invita a turistas y salte\u00f1os a vivir la Semana de la Empanada, una propuesta que combina gastronom\u00eda, cultura y beneficios especiales para disfrutar del destino. semana de la empanada Durante toda la [&hellip;]<\/p>\n","protected":false},"author":6,"featured_media":6083,"comment_status":"closed","ping_status":"closed","sticky":false,"template":"","format":"standard","meta":{"footnotes":""},"categories":[86,85],"tags":[],"class_list":["post-6078","post","type-post","status-publish","format-standard","has-post-thumbnail","hentry","category-naturaleza","category-novedades"],"_links":{"self":[{"href":"https:\/\/munisanlo.gob.ar\/turismo\/wp-json\/wp\/v2\/posts\/6078","targetHints":{"allow":["GET"]}}],"collection":[{"href":"https:\/\/munisanlo.gob.ar\/turismo\/wp-json\/wp\/v2\/posts"}],"about":[{"href":"https:\/\/munisanlo.gob.ar\/turismo\/wp-json\/wp\/v2\/types\/post"}],"author":[{"embeddable":true,"href":"https:\/\/munisanlo.gob.ar\/turismo\/wp-json\/wp\/v2\/users\/6"}],"replies":[{"embeddable":true,"href":"https:\/\/munisanlo.gob.ar\/turismo\/wp-json\/wp\/v2\/comments?post=6078"}],"version-history":[{"count":3,"href":"https:\/\/munisanlo.gob.ar\/turismo\/wp-json\/wp\/v2\/posts\/6078\/revisions"}],"predecessor-version":[{"id":6090,"href":"https:\/\/munisanlo.gob.ar\/turismo\/wp-json\/wp\/v2\/posts\/6078\/revisions\/6090"}],"wp:featuredmedia":[{"embeddable":true,"href":"https:\/\/munisanlo.gob.ar\/turismo\/wp-json\/wp\/v2\/media\/6083"}],"wp:attachment":[{"href":"https:\/\/munisanlo.gob.ar\/turismo\/wp-json\/wp\/v2\/media?parent=6078"}],"wp:term":[{"taxonomy":"category","embeddable":true,"href":"https:\/\/munisanlo.gob.ar\/turismo\/wp-json\/wp\/v2\/categories?post=6078"},{"taxonomy":"post_tag","embeddable":true,"href":"https:\/\/munisanlo.gob.ar\/turismo\/wp-json\/wp\/v2\/tags?post=6078"}],"curies":[{"name":"wp","href":"https:\/\/api.w.org\/{rel}","templated":true}]}}