{"id":6107,"date":"2026-01-20T12:51:48","date_gmt":"2026-01-20T15:51:48","guid":{"rendered":"https:\/\/munisanlo.gob.ar\/turismo\/?p=6107"},"modified":"2026-01-20T12:51:49","modified_gmt":"2026-01-20T15:51:49","slug":"14-de-febrero-pena-carnavalera-una-noche-para-reencontrar-tradicion-musica-y-sabores-en-san-lorenzo","status":"publish","type":"post","link":"https:\/\/munisanlo.gob.ar\/turismo\/14-de-febrero-pena-carnavalera-una-noche-para-reencontrar-tradicion-musica-y-sabores-en-san-lorenzo\/","title":{"rendered":"14 de febrero: Pe\u00f1a CarnavalerA: Una noche para reencontrar tradici\u00f3n, m\u00fasica y sabores en San Lorenzo"},"content":{"rendered":"\n<p><\/p>\n\n\n\n<p><em>S\u00e1bado 14 de febrero, 19:00 \u2013 Complejo Los Ceibos<\/em><\/p>\n\n\n\n<p>San Lorenzo se prepara para celebrar el esp\u00edritu del Carnaval con una propuesta que combina <strong>folclore carpero, sabores tradicionales y entretenimiento para toda la familia<\/strong>. El s\u00e1bado 14 de febrero, desde las 19:00, el <strong>Complejo Los Ceibos<\/strong> abrir\u00e1 sus puertas para recibir a vecinos, turistas y amantes de la cultura popular en la <strong>Pe\u00f1a y Feria del Carnaval<\/strong>, una fiesta que recupera la esencia de las antiguas carpas carnavaleras argentinas.<\/p>\n\n\n\n<p><\/p>\n\n\n\n<p>Lejos de ser una simple reuni\u00f3n, este encuentro se inserta en la amplia agenda de actividades culturales que durante febrero anima a San Lorenzo con los Corsos de la Familia y en toda la provincia de Salta, donde el Carnaval se vive con una mezcla de tradici\u00f3n, m\u00fasica y gastronom\u00eda regional. En distintos puntos de la provincia hay desfiles, comparsas, ferias y pe\u00f1as que enriquecen la propuesta tur\u00edstica local y generan un importante movimiento social y econ\u00f3mico en la temporada estival.<\/p>\n\n\n\n<p><\/p>\n\n\n\n<p>La jornada en San Lorenzo promete <strong>una programaci\u00f3n musical de alto nivel con artistas que representan tanto la ra\u00edz folcl\u00f3rica como el canto carpero<\/strong>, entre ellos la Academia Misterio de Zamba, Victorio Barboza, El Coplerito, Santiago \u201cEl Lobito\u201d Corimayo, El Teclado del Zurdo y Sarita Flores. La combinaci\u00f3n de <strong>m\u00fasica en vivo y patio de fondas<\/strong> garantizar\u00e1 una experiencia que apela al disfrute en comunidad, al compartir y a la identidad cultural del norte argentino.<\/p>\n\n\n\n<p><\/p>\n\n\n\n<p>Adem\u00e1s de los escenarios art\u00edsticos, la feria ofrecer\u00e1 <strong>espacios gastron\u00f3micos para degustar platos t\u00edpicos y productos regionales<\/strong>, recuperando el rol social que las carpas tradicionales ten\u00edan como lugares de encuentro familiar y celebraci\u00f3n popular. <\/p>\n\n\n\n<p><\/p>\n\n\n\n<p>Para m\u00e1s informaci\u00f3n, los interesados pueden comunicarse con la <strong>Municipalidad de San Lorenzo al +54 9 387-5477454<\/strong> o visitar <strong>sanlorenzodagusto.com<\/strong>.<\/p>\n","protected":false},"excerpt":{"rendered":"<p>S\u00e1bado 14 de febrero, 19:00 \u2013 Complejo Los Ceibos San Lorenzo se prepara para celebrar el esp\u00edritu del Carnaval con una propuesta que combina folclore carpero, sabores tradicionales y entretenimiento para toda la familia. El s\u00e1bado 14 de febrero, desde [&hellip;]<\/p>\n","protected":false},"author":6,"featured_media":6108,"comment_status":"closed","ping_status":"closed","sticky":false,"template":"","format":"standard","meta":{"footnotes":""},"categories":[85],"tags":[],"class_list":["post-6107","post","type-post","status-publish","format-standard","has-post-thumbnail","hentry","category-novedades"],"_links":{"self":[{"href":"https:\/\/munisanlo.gob.ar\/turismo\/wp-json\/wp\/v2\/posts\/6107","targetHints":{"allow":["GET"]}}],"collection":[{"href":"https:\/\/munisanlo.gob.ar\/turismo\/wp-json\/wp\/v2\/posts"}],"about":[{"href":"https:\/\/munisanlo.gob.ar\/turismo\/wp-json\/wp\/v2\/types\/post"}],"author":[{"embeddable":true,"href":"https:\/\/munisanlo.gob.ar\/turismo\/wp-json\/wp\/v2\/users\/6"}],"replies":[{"embeddable":true,"href":"https:\/\/munisanlo.gob.ar\/turismo\/wp-json\/wp\/v2\/comments?post=6107"}],"version-history":[{"count":1,"href":"https:\/\/munisanlo.gob.ar\/turismo\/wp-json\/wp\/v2\/posts\/6107\/revisions"}],"predecessor-version":[{"id":6109,"href":"https:\/\/munisanlo.gob.ar\/turismo\/wp-json\/wp\/v2\/posts\/6107\/revisions\/6109"}],"wp:featuredmedia":[{"embeddable":true,"href":"https:\/\/munisanlo.gob.ar\/turismo\/wp-json\/wp\/v2\/media\/6108"}],"wp:attachment":[{"href":"https:\/\/munisanlo.gob.ar\/turismo\/wp-json\/wp\/v2\/media?parent=6107"}],"wp:term":[{"taxonomy":"category","embeddable":true,"href":"https:\/\/munisanlo.gob.ar\/turismo\/wp-json\/wp\/v2\/categories?post=6107"},{"taxonomy":"post_tag","embeddable":true,"href":"https:\/\/munisanlo.gob.ar\/turismo\/wp-json\/wp\/v2\/tags?post=6107"}],"curies":[{"name":"wp","href":"https:\/\/api.w.org\/{rel}","templated":true}]}}